{"id":100,"date":"2023-06-10T17:01:00","date_gmt":"2023-06-10T17:01:00","guid":{"rendered":"https:\/\/drk-staffort.de\/?p=100"},"modified":"2024-01-04T17:11:57","modified_gmt":"2024-01-04T17:11:57","slug":"seniorenfeier-der-igv-staffort-am-18-juni-2023","status":"publish","type":"post","link":"https:\/\/drk-staffort.de\/?p=100","title":{"rendered":"Seniorenfeier der IGV Staffort am 18. Juni 2023"},"content":{"rendered":"\n<p>Im Jahr 2023 hat der Ortsverein des DRK in Staffort wieder turnusgem\u00e4\u00df sowohl den Vorsitz der<br>Stafforter IGV, als auch die Gestaltung der Seniorenfeier der Stafforter Vereine \u00fcbernommen. Wie<br>schon im letzten Jahr findet diese Feier nun im Sommer statt:<br><strong>am Sonntag, 18. Juni 2023 ab 15 Uhr.<\/strong><\/p>\n\n\n\n<p>Hierzu laden wir Sie mit Ihrem Partner \/ Ihrer Partnerin sehr herzlich in die Mehrzweckhalle in<br>Staffort ein. Bei gemeinsamem Kaffeetrinken, einem Abendimbiss und einem kleinen Rahmenprogramm bietet sich eine Abwechslung vom Alltag und die Gelegenheit zum Gespr\u00e4ch.<\/p>\n\n\n\n<p><strong>Kleines Rahmenprogramm<\/strong><\/p>\n\n\n\n<p><strong>15:00 Uhr &#8211; Beginn der Veranstaltung<\/strong><\/p>\n\n\n\n<ul class=\"wp-block-list\">\n<li>Begr\u00fc\u00dfung und gemeinsames Kaffeetrinken<\/li>\n<\/ul>\n\n\n\n<p><strong>16:00 Uhr &#8211; Kleines Theaterspiel<\/strong><\/p>\n\n\n\n<ul class=\"wp-block-list\">\n<li>Theaterverein StageArt e.V.<\/li>\n<\/ul>\n\n\n\n<p><strong>16:30 Uhr &#8211; 70 Jahre DRK Staffort<\/strong><\/p>\n\n\n\n<ul class=\"wp-block-list\">\n<li>Ehrung aktiver Vereinsmitglieder<\/li>\n<\/ul>\n\n\n\n<p><strong>17:00 Uhr &#8211; Musikprogramm<\/strong><\/p>\n\n\n\n<ul class=\"wp-block-list\">\n<li>Zweckverband Musikschule Hardt mit Musik und Gesang<\/li>\n<\/ul>\n\n\n\n<p><strong>17:30 Uhr &#8211; Kurzer Jahresr\u00fcckblick 2022 und Vorschau<\/strong><\/p>\n\n\n\n<ul class=\"wp-block-list\">\n<li>Ortsvorsteherin Melitta Bernauer<\/li>\n<\/ul>\n\n\n\n<p><strong>18:00 Uhr<\/strong> &#8211; <strong>Kleiner Abend-Imbiss<\/strong><\/p>\n\n\n\n<p><strong>19:00 Uhr &#8211; Ende der Veranstaltung<\/strong><\/p>\n\n\n\n<p>Wir freuen uns sehr auf Ihr Kommen!<\/p>\n","protected":false},"excerpt":{"rendered":"<p>Im Jahr 2023 hat der Ortsverein des DRK in Staffort wieder turnusgem\u00e4\u00df sowohl den Vorsitz derStafforter IGV, als auch die Gestaltung der Seniorenfeier der Stafforter Vereine \u00fcbernommen. Wieschon im letzten Jahr findet diese Feier nun im Sommer statt:am Sonntag, 18. Juni 2023 ab 15 Uhr. Hierzu laden wir Sie mit Ihrem Partner \/ Ihrer Partnerin &hellip; <a href=\"https:\/\/drk-staffort.de\/?p=100\">Continued<\/a><\/p>\n","protected":false},"author":1,"featured_media":0,"comment_status":"open","ping_status":"open","sticky":false,"template":"","format":"standard","meta":{"footnotes":""},"categories":[1],"tags":[],"class_list":["post-100","post","type-post","status-publish","format-standard","hentry","category-uncategorized"],"_links":{"self":[{"href":"https:\/\/drk-staffort.de\/index.php?rest_route=\/wp\/v2\/posts\/100","targetHints":{"allow":["GET"]}}],"collection":[{"href":"https:\/\/drk-staffort.de\/index.php?rest_route=\/wp\/v2\/posts"}],"about":[{"href":"https:\/\/drk-staffort.de\/index.php?rest_route=\/wp\/v2\/types\/post"}],"author":[{"embeddable":true,"href":"https:\/\/drk-staffort.de\/index.php?rest_route=\/wp\/v2\/users\/1"}],"replies":[{"embeddable":true,"href":"https:\/\/drk-staffort.de\/index.php?rest_route=%2Fwp%2Fv2%2Fcomments&post=100"}],"version-history":[{"count":0,"href":"https:\/\/drk-staffort.de\/index.php?rest_route=\/wp\/v2\/posts\/100\/revisions"}],"wp:attachment":[{"href":"https:\/\/drk-staffort.de\/index.php?rest_route=%2Fwp%2Fv2%2Fmedia&parent=100"}],"wp:term":[{"taxonomy":"category","embeddable":true,"href":"https:\/\/drk-staffort.de\/index.php?rest_route=%2Fwp%2Fv2%2Fcategories&post=100"},{"taxonomy":"post_tag","embeddable":true,"href":"https:\/\/drk-staffort.de\/index.php?rest_route=%2Fwp%2Fv2%2Ftags&post=100"}],"curies":[{"name":"wp","href":"https:\/\/api.w.org\/{rel}","templated":true}]}}