{"id":150,"date":"2025-08-21T13:51:20","date_gmt":"2025-08-21T13:51:20","guid":{"rendered":"https:\/\/drk-staffort.de\/?p=150"},"modified":"2025-08-21T13:53:03","modified_gmt":"2025-08-21T13:53:03","slug":"im-gedenken-an-roland-kocher","status":"publish","type":"post","link":"https:\/\/drk-staffort.de\/?p=150","title":{"rendered":"Im Gedenken an Roland Kocher"},"content":{"rendered":"\n<p>Die DRK-Bereitschaft Staffort trauert um ihren Kameraden Roland Kocher, der k\u00fcrzlich in seinem 71. Lebensjahr verstorben ist. Im Gedenken sind wir bei seiner Frau Reni, die uns ebenso bei vielen Veranstaltungen unterst\u00fctzt hat. <\/p>\n\n\n\n<p>Roland wird vielen Menschen von seinen zahlreichen Eins\u00e4tzen bei Sanit\u00e4tsdiensten, gerade auch bei Sportveranstaltungen, als ausgleichend und k\u00fcmmernd in bleibend guter Erinnerung sein. Wir bewahren ihn in unserer Erinnerung.<\/p>\n\n\n\n<p>&#8211; Die Bereitschaftsleitung &#8211;<\/p>\n","protected":false},"excerpt":{"rendered":"<p>Die DRK-Bereitschaft Staffort trauert um ihren Kameraden Roland Kocher, der k\u00fcrzlich in seinem 71. Lebensjahr verstorben ist. Im Gedenken sind wir bei seiner Frau Reni, die uns ebenso bei vielen Veranstaltungen unterst\u00fctzt hat. Roland wird vielen Menschen von seinen zahlreichen Eins\u00e4tzen bei Sanit\u00e4tsdiensten, gerade auch bei Sportveranstaltungen, als ausgleichend und k\u00fcmmernd in bleibend guter Erinnerung &hellip; <a href=\"https:\/\/drk-staffort.de\/?p=150\">Continued<\/a><\/p>\n","protected":false},"author":1,"featured_media":0,"comment_status":"open","ping_status":"open","sticky":false,"template":"","format":"standard","meta":{"footnotes":""},"categories":[1],"tags":[],"class_list":["post-150","post","type-post","status-publish","format-standard","hentry","category-uncategorized"],"_links":{"self":[{"href":"https:\/\/drk-staffort.de\/index.php?rest_route=\/wp\/v2\/posts\/150","targetHints":{"allow":["GET"]}}],"collection":[{"href":"https:\/\/drk-staffort.de\/index.php?rest_route=\/wp\/v2\/posts"}],"about":[{"href":"https:\/\/drk-staffort.de\/index.php?rest_route=\/wp\/v2\/types\/post"}],"author":[{"embeddable":true,"href":"https:\/\/drk-staffort.de\/index.php?rest_route=\/wp\/v2\/users\/1"}],"replies":[{"embeddable":true,"href":"https:\/\/drk-staffort.de\/index.php?rest_route=%2Fwp%2Fv2%2Fcomments&post=150"}],"version-history":[{"count":0,"href":"https:\/\/drk-staffort.de\/index.php?rest_route=\/wp\/v2\/posts\/150\/revisions"}],"wp:attachment":[{"href":"https:\/\/drk-staffort.de\/index.php?rest_route=%2Fwp%2Fv2%2Fmedia&parent=150"}],"wp:term":[{"taxonomy":"category","embeddable":true,"href":"https:\/\/drk-staffort.de\/index.php?rest_route=%2Fwp%2Fv2%2Fcategories&post=150"},{"taxonomy":"post_tag","embeddable":true,"href":"https:\/\/drk-staffort.de\/index.php?rest_route=%2Fwp%2Fv2%2Ftags&post=150"}],"curies":[{"name":"wp","href":"https:\/\/api.w.org\/{rel}","templated":true}]}}