{"id":153,"date":"2025-06-30T13:54:00","date_gmt":"2025-06-30T13:54:00","guid":{"rendered":"https:\/\/drk-staffort.de\/?p=153"},"modified":"2025-08-21T14:07:58","modified_gmt":"2025-08-21T14:07:58","slug":"neues-domizil-fuer-ortsverein-und-bereitschaft","status":"publish","type":"post","link":"https:\/\/drk-staffort.de\/?p=153","title":{"rendered":"Neues Domizil f\u00fcr Ortsverein und Bereitschaft"},"content":{"rendered":"\n<p>Die Drais-Halle im Stadtteil Staffort wird neue Heimat f\u00fcr das Rote Kreuz in Staffort: Im Seitenbau der Halle wurde f\u00fcr das DRK ein B\u00fcro- und ein Lagerraum erstellt \u2013 als zeitgem\u00e4\u00df gestaltete, funktionale Umgebung f\u00fcr das weitere aktive Engagement in und um Stutensee. Um die Nutzung formal zu regeln, unterzeichneten am Montag, 30. Juni, beide Seiten eine entsprechende Vereinbarung \u2013 Martin Mueller, stv. Vorsitzender des DRK-Ortsvereins Staffort und Oberb\u00fcrgermeisterin Petra Becker f\u00fcr die Stadt Stutensee.<\/p>\n\n\n\n<figure class=\"wp-block-image size-full is-resized\"><img loading=\"lazy\" decoding=\"async\" width=\"530\" height=\"298\" src=\"https:\/\/drk-staffort.de\/wp-content\/uploads\/2025\/08\/unterschrift.jpeg\" alt=\"\" class=\"wp-image-154\" style=\"width:431px;height:auto\" srcset=\"https:\/\/drk-staffort.de\/wp-content\/uploads\/2025\/08\/unterschrift.jpeg 530w, https:\/\/drk-staffort.de\/wp-content\/uploads\/2025\/08\/unterschrift-300x169.jpeg 300w\" sizes=\"auto, (max-width: 530px) 100vw, 530px\" \/><figcaption class=\"wp-element-caption\">Vereinbarung unterschrieben &#8211; OB Petra Becker und Martin Mueller<\/figcaption><\/figure>\n\n\n\n<p>Die Hilfsorganisation will die R\u00e4ume in der neuen Halle neben dem Tagesgesch\u00e4ft der Ortsvereinsverwaltung k\u00fcnftig insbesondere f\u00fcr Lehrg\u00e4nge und Arbeitstreffen nutzen. Mit Au\u00dferbetriebnahme der alten Mehrzweckhalle in Staffort entfiel auch der weitere Bestand des DRK-Hauses, das im Besitz des Ortsvereins war. Der bisherige Bau soll zusammen mit der alten Mehrzweckhalle von Mitte Juli bis Mitte September abgerissen werden. Wenn die Fl\u00e4che frei ist, soll diese als Feuerwehrzufahrt und Aufstellfl\u00e4che der Feuerwehr aufbereitet werden.<\/p>\n","protected":false},"excerpt":{"rendered":"<p>Die Drais-Halle im Stadtteil Staffort wird neue Heimat f\u00fcr das Rote Kreuz in Staffort: Im Seitenbau der Halle wurde f\u00fcr das DRK ein B\u00fcro- und ein Lagerraum erstellt \u2013 als zeitgem\u00e4\u00df gestaltete, funktionale Umgebung f\u00fcr das weitere aktive Engagement in und um Stutensee. Um die Nutzung formal zu regeln, unterzeichneten am Montag, 30. Juni, beide &hellip; <a href=\"https:\/\/drk-staffort.de\/?p=153\">Continued<\/a><\/p>\n","protected":false},"author":1,"featured_media":154,"comment_status":"open","ping_status":"open","sticky":false,"template":"","format":"standard","meta":{"footnotes":""},"categories":[1],"tags":[],"class_list":["post-153","post","type-post","status-publish","format-standard","has-post-thumbnail","hentry","category-uncategorized"],"_links":{"self":[{"href":"https:\/\/drk-staffort.de\/index.php?rest_route=\/wp\/v2\/posts\/153","targetHints":{"allow":["GET"]}}],"collection":[{"href":"https:\/\/drk-staffort.de\/index.php?rest_route=\/wp\/v2\/posts"}],"about":[{"href":"https:\/\/drk-staffort.de\/index.php?rest_route=\/wp\/v2\/types\/post"}],"author":[{"embeddable":true,"href":"https:\/\/drk-staffort.de\/index.php?rest_route=\/wp\/v2\/users\/1"}],"replies":[{"embeddable":true,"href":"https:\/\/drk-staffort.de\/index.php?rest_route=%2Fwp%2Fv2%2Fcomments&post=153"}],"version-history":[{"count":0,"href":"https:\/\/drk-staffort.de\/index.php?rest_route=\/wp\/v2\/posts\/153\/revisions"}],"wp:featuredmedia":[{"embeddable":true,"href":"https:\/\/drk-staffort.de\/index.php?rest_route=\/wp\/v2\/media\/154"}],"wp:attachment":[{"href":"https:\/\/drk-staffort.de\/index.php?rest_route=%2Fwp%2Fv2%2Fmedia&parent=153"}],"wp:term":[{"taxonomy":"category","embeddable":true,"href":"https:\/\/drk-staffort.de\/index.php?rest_route=%2Fwp%2Fv2%2Fcategories&post=153"},{"taxonomy":"post_tag","embeddable":true,"href":"https:\/\/drk-staffort.de\/index.php?rest_route=%2Fwp%2Fv2%2Ftags&post=153"}],"curies":[{"name":"wp","href":"https:\/\/api.w.org\/{rel}","templated":true}]}}