{"id":82,"date":"2022-09-18T16:00:00","date_gmt":"2022-09-18T16:00:00","guid":{"rendered":"https:\/\/drk-staffort.de\/?p=82"},"modified":"2022-09-25T22:18:16","modified_gmt":"2022-09-25T22:18:16","slug":"mitgliederversammlung-am-10-oktober-2022","status":"publish","type":"post","link":"https:\/\/drk-staffort.de\/?p=82","title":{"rendered":"Mitgliederversammlung am 10. Oktober"},"content":{"rendered":"\n<p>Die erste Mitgliederversammlung des DRK Ortsvereins Staffort e.V. &#8211; nach den beiden Corona-Jahren nun \u201chybrid\u201d, also digital per Microsoft Teams und auch wieder in Pr\u00e4senz &#8211; findet am <strong>Montag, 10. Oktober 2022 um 19 Uhr<\/strong> bei Familie M\u00fcller in der Draisstra\u00dfe 13 statt. Aufgrund der Baut\u00e4tigkeit um das DRK-Haus ist aktuell dort keine Sitzung m\u00f6glich. Hierzu laden wir alle unsere Mitglieder \u2013 ob aus der Bereitschaft, den Arbeitskreisen oder aus der Gruppe der F\u00f6rdermitglieder \u2013 sehr herzlich ein.<\/p>\n\n\n\n<p><strong>Tagesordnung:<\/strong><\/p>\n\n\n\n<ol class=\"wp-block-list\"><li>Begr\u00fc\u00dfung durch die Vorsitzende<\/li><li>Vorstandsbericht und Mitgliederstand<\/li><li>T\u00e4tigkeitsbericht der Bereitschaftsleitung und Vorschau<\/li><li>Berichte des Schatzmeisters und der Kassenpr\u00fcfer f\u00fcr zur\u00fcckliegende Gesch\u00e4ftsjahre<\/li><li>Aussprache und Entlastung der Vorstandschaft&nbsp;<\/li><li>Neuwahlen der Vorstandsmitglieder<\/li><li>Antr\u00e4ge und Sonstiges<\/li><\/ol>\n\n\n\n<p>Antr\u00e4ge an die Versammlung zur Beschlussfassung m\u00fcssen bis sp\u00e4testens zum 07.10.2022 (Ausschlussfrist) bei der Vorsitzenden, Frau Lotte M\u00fcller, Draisstra\u00dfe 13 eingehen.&nbsp;<\/p>\n\n\n\n<p>Mitglieder, die digital von zuhause aus per Teams teilnehmen m\u00f6chten, registrieren sich bitte unter <strong><a href=\"mailto:verwaltung@drk-staffort.de\" target=\"_blank\" rel=\"noreferrer noopener\">verwaltung@drk-staffort.de<\/a><\/strong> per E-Mail; sie erhalten dann rechtzeitig zum Termin eine Nachricht mit einem Einladungs-Link.<\/p>\n\n\n\n<p><strong>Bereits um 18:30 Uhr werden wir uns vorab zu einer kurzen Vorstandssitzung zusammenfinden.<\/strong> Dabei werden wir auf die aktuellen Bauma\u00dfnahmen und die perspektivische Unterbringung im Neubau der Mehrzweckhalle eingehen.<\/p>\n","protected":false},"excerpt":{"rendered":"<p>Die erste Mitgliederversammlung des DRK Ortsvereins Staffort e.V. &#8211; nach den beiden Corona-Jahren nun \u201chybrid\u201d, also digital per Microsoft Teams und auch wieder in Pr\u00e4senz &#8211; findet am Montag, 10. Oktober 2022 um 19 Uhr bei Familie M\u00fcller in der Draisstra\u00dfe 13 statt. Aufgrund der Baut\u00e4tigkeit um das DRK-Haus ist aktuell dort keine Sitzung m\u00f6glich. &hellip; <a href=\"https:\/\/drk-staffort.de\/?p=82\">Continued<\/a><\/p>\n","protected":false},"author":1,"featured_media":0,"comment_status":"open","ping_status":"open","sticky":false,"template":"","format":"standard","meta":{"footnotes":""},"categories":[1],"tags":[],"class_list":["post-82","post","type-post","status-publish","format-standard","hentry","category-uncategorized"],"_links":{"self":[{"href":"https:\/\/drk-staffort.de\/index.php?rest_route=\/wp\/v2\/posts\/82","targetHints":{"allow":["GET"]}}],"collection":[{"href":"https:\/\/drk-staffort.de\/index.php?rest_route=\/wp\/v2\/posts"}],"about":[{"href":"https:\/\/drk-staffort.de\/index.php?rest_route=\/wp\/v2\/types\/post"}],"author":[{"embeddable":true,"href":"https:\/\/drk-staffort.de\/index.php?rest_route=\/wp\/v2\/users\/1"}],"replies":[{"embeddable":true,"href":"https:\/\/drk-staffort.de\/index.php?rest_route=%2Fwp%2Fv2%2Fcomments&post=82"}],"version-history":[{"count":0,"href":"https:\/\/drk-staffort.de\/index.php?rest_route=\/wp\/v2\/posts\/82\/revisions"}],"wp:attachment":[{"href":"https:\/\/drk-staffort.de\/index.php?rest_route=%2Fwp%2Fv2%2Fmedia&parent=82"}],"wp:term":[{"taxonomy":"category","embeddable":true,"href":"https:\/\/drk-staffort.de\/index.php?rest_route=%2Fwp%2Fv2%2Fcategories&post=82"},{"taxonomy":"post_tag","embeddable":true,"href":"https:\/\/drk-staffort.de\/index.php?rest_route=%2Fwp%2Fv2%2Ftags&post=82"}],"curies":[{"name":"wp","href":"https:\/\/api.w.org\/{rel}","templated":true}]}}